{"id":3758,"date":"2024-02-01T19:26:16","date_gmt":"2024-02-01T22:26:16","guid":{"rendered":"https:\/\/www.contramar.org\/?p=3758"},"modified":"2024-11-04T23:45:16","modified_gmt":"2024-11-05T02:45:16","slug":"pereyra_esteban","status":"publish","type":"post","link":"https:\/\/www.contramar.org\/index.php\/2024\/02\/01\/pereyra_esteban\/","title":{"rendered":"Mariano Pereyra Esteban"},"content":{"rendered":"\n<div class=\"wp-block-columns has-background is-layout-flex wp-container-core-columns-is-layout-9d6595d7 wp-block-columns-is-layout-flex\" style=\"background-color:#f5ffd9\">\n<div class=\"wp-block-column is-layout-flow wp-block-column-is-layout-flow\">\n<figure class=\"wp-block-image size-full\"><img fetchpriority=\"high\" decoding=\"async\" width=\"618\" height=\"790\" src=\"https:\/\/www.contramar.org\/wp-content\/uploads\/2024\/02\/5Mesa-de-trabajo-1-copia-13-1.png\" alt=\"\" class=\"wp-image-3759\" srcset=\"https:\/\/www.contramar.org\/wp-content\/uploads\/2024\/02\/5Mesa-de-trabajo-1-copia-13-1.png 618w, https:\/\/www.contramar.org\/wp-content\/uploads\/2024\/02\/5Mesa-de-trabajo-1-copia-13-1-235x300.png 235w, https:\/\/www.contramar.org\/wp-content\/uploads\/2024\/02\/5Mesa-de-trabajo-1-copia-13-1-300x383.png 300w, https:\/\/www.contramar.org\/wp-content\/uploads\/2024\/02\/5Mesa-de-trabajo-1-copia-13-1-600x767.png 600w\" sizes=\"(max-width: 618px) 100vw, 618px\" \/><\/figure>\n<\/div>\n\n\n\n<div class=\"wp-block-column is-layout-flow wp-block-column-is-layout-flow\"><p class=\"fonts-plugin-block \" style=\"font-family: Literata;font-weight: 800;font-size: 30px\">Mariano Pereyra Esteban<\/p>\n\n\n<p>Santafesino por adopci\u00f3n. Autor de novelas y cuentos. Sus obras fueron publicadas en Argentina, M\u00e9xico y Espa\u00f1a.<\/p>\n\n\n\n<p>Es licenciado en ciencias de la comunicaci\u00f3n y profesor universitario de la&nbsp;Universidad Cat\u00f3lica de Santa Fe y&nbsp;est\u00e1 a cargo del taller de narrativa de la&nbsp;Universidad Nacional de Hurlingham. Ha realizado estudios educaci\u00f3n y gesti\u00f3n cultural en&nbsp;<a href=\"https:\/\/es.wikipedia.org\/wiki\/Facultad_Latinoamericana_de_Ciencias_Sociales\">FLACSO<\/a>.<\/p>\n\n\n\n<p>En 2015 form\u00f3 parte de la delegaci\u00f3n Argentina de Escritores en la&nbsp;<strong><em>Feria Internacional del Libro de Guadalajara (M\u00e9xico)<\/em><\/strong>&nbsp;y en el a\u00f1o 2016 fue declarado santafesino destacado por el concejo deliberante de la ciudad de Santa Fe.<\/p>\n\n\n\n<p>Por su cuento \u201cEl Metro Llano\u201d, recibi\u00f3 el&nbsp;<strong><em>Premio \u201cJuan Rulfo<\/em><\/strong>\u201d&nbsp;de Par\u00eds en 2009, organizado por&nbsp;<strong><em>Radio Francia Internacional,&nbsp;Instituto Cervantes,<\/em><\/strong> Instituto de M\u00e9xico, Colegio de Espa\u00f1a, Uni\u00f3n Latina y Le Monde Diplomatique. El cuento fue publicado en 2012 en su antolog\u00eda \u201c<strong>Los Ferrodontes y otros cuentos<\/strong>\u201d por Ediciones B de M\u00e9xico \u2013 Random House.<\/p>\n\n\n\n<p>Su novela &#8220;<strong>Escorpio<\/strong>&#8221; fuel galardonada en 2015 con el <strong><em>XX Premio de Novela Corta Salvador Garc\u00eda Aguilar<\/em><\/strong> y publicada bajo el sello Aguaclara Ediciones (Espa\u00f1a). En 2014 public\u00f3 la novela &#8220;<strong>Catorce Nueve<\/strong>\u201d, en M\u00e9xico, bajo el sello Terracota Editorial y durante el a\u00f1o 2018 public\u00f3 la novela \u201c<strong>Vayas\u00ed<\/strong>\u201d, en Argentina, en la editorial Contramar Editores.<\/p>\n\n\n\n<p>En el a\u00f1o 2005 recibi\u00f3 el Primer Premio del Certamen Internacional de Cuento &#8220;Altura&#8221;. Organizado por la Asociaci\u00f3n cultural Altura. Gobernaci\u00f3n de Canarias, Espa\u00f1a. Durante su carrera obtuvo reconocimientos en la Sociedad Argentina de Escritores de Santa Fe por sus cuentos &#8220;Yarar\u00e1 Cuz\u00fa&#8221;, &#8220;El encerrista&#8221; y &#8220;Marketing Taurino&#8221;. Tambi\u00e9n incursion\u00f3 en el terreno del ensayo, public\u00f3 &#8220;La farsa de los m\u00edticos. A prop\u00f3sito de John Berger&#8221; (2017), &#8220;Met\u00e1foras del abismo, Nociones de realidad de Nietzsche en la obra de Howard Phillips Lovecraft&#8221; (2016) y &#8220;Desfigurar un cuento, an\u00e1lisis de la reedici\u00f3n de cuentos de Raymond Carver&#8221;(2016).<\/p>\n<\/div>\n<\/div>\n\n\n\n<div class=\"wp-block-columns is-layout-flex wp-container-core-columns-is-layout-9d6595d7 wp-block-columns-is-layout-flex\">\n<div class=\"wp-block-column is-layout-flow wp-block-column-is-layout-flow\"><div data-block-name=\"woocommerce\/product-category\" data-categories=\"[123]\" data-content-visibility=\"{&quot;image&quot;:true,&quot;title&quot;:true,&quot;price&quot;:false,&quot;rating&quot;:false,&quot;button&quot;:false}\" class=\"wc-block-grid wp-block-product-category wp-block-woocommerce-product-category wc-block-product-category has-3-columns has-multiple-rows\"><ul class=\"wc-block-grid__products\"><li class=\"wc-block-grid__product\">\n\t\t\t\t<a href=\"https:\/\/www.contramar.org\/index.php\/producto\/vayasi\/\" class=\"wc-block-grid__product-link\">\n\t\t\t\t\t\n\t\t\t\t\t<div class=\"wc-block-grid__product-image\"><img decoding=\"async\" width=\"300\" height=\"461\" src=\"https:\/\/www.contramar.org\/wp-content\/uploads\/2020\/09\/TAPA-01-300x461.jpg\" class=\"attachment-woocommerce_thumbnail size-woocommerce_thumbnail\" alt=\"Vayas\u00ed\" srcset=\"https:\/\/www.contramar.org\/wp-content\/uploads\/2020\/09\/TAPA-01-300x461.jpg 300w, https:\/\/www.contramar.org\/wp-content\/uploads\/2020\/09\/TAPA-01-195x300.jpg 195w, https:\/\/www.contramar.org\/wp-content\/uploads\/2020\/09\/TAPA-01-666x1024.jpg 666w, https:\/\/www.contramar.org\/wp-content\/uploads\/2020\/09\/TAPA-01-768x1181.jpg 768w, https:\/\/www.contramar.org\/wp-content\/uploads\/2020\/09\/TAPA-01-999x1536.jpg 999w, https:\/\/www.contramar.org\/wp-content\/uploads\/2020\/09\/TAPA-01-1332x2048.jpg 1332w, https:\/\/www.contramar.org\/wp-content\/uploads\/2020\/09\/TAPA-01-600x922.jpg 600w, https:\/\/www.contramar.org\/wp-content\/uploads\/2020\/09\/TAPA-01.jpg 1537w\" sizes=\"(max-width: 300px) 100vw, 300px\" \/><\/div>\n\t\t\t\t\t<div class=\"wc-block-grid__product-title\">Vayas\u00ed<\/div>\n\t\t\t\t<\/a>\n\t\t\t\t\n\t\t\t\t\n\t\t\t\t\n\t\t\t<\/li><\/ul><\/div><\/div>\n<\/div>\n","protected":false},"excerpt":{"rendered":"<p>Santafesino por adopci\u00f3n. Autor de novelas y cuentos. Sus obras fueron publicadas en Argentina, M\u00e9xico y Espa\u00f1a. Es licenciado en ciencias de la comunicaci\u00f3n y profesor universitario de la&nbsp;Universidad Cat\u00f3lica de Santa Fe y&nbsp;est\u00e1 a cargo del taller de narrativa de la&nbsp;Universidad Nacional de Hurlingham. Ha realizado estudios educaci\u00f3n y gesti\u00f3n cultural en&nbsp;FLACSO. En 2015 [&hellip;]<\/p>\n","protected":false},"author":1,"featured_media":3751,"comment_status":"closed","ping_status":"closed","sticky":false,"template":"","format":"standard","meta":{"ocean_post_layout":"","ocean_both_sidebars_style":"","ocean_both_sidebars_content_width":0,"ocean_both_sidebars_sidebars_width":0,"ocean_sidebar":"","ocean_second_sidebar":"","ocean_disable_margins":"enable","ocean_add_body_class":"","ocean_shortcode_before_top_bar":"","ocean_shortcode_after_top_bar":"","ocean_shortcode_before_header":"","ocean_shortcode_after_header":"","ocean_has_shortcode":"","ocean_shortcode_after_title":"","ocean_shortcode_before_footer_widgets":"","ocean_shortcode_after_footer_widgets":"","ocean_shortcode_before_footer_bottom":"","ocean_shortcode_after_footer_bottom":"","ocean_display_top_bar":"default","ocean_display_header":"default","ocean_header_style":"","ocean_center_header_left_menu":"","ocean_custom_header_template":"","ocean_custom_logo":0,"ocean_custom_retina_logo":0,"ocean_custom_logo_max_width":0,"ocean_custom_logo_tablet_max_width":0,"ocean_custom_logo_mobile_max_width":0,"ocean_custom_logo_max_height":0,"ocean_custom_logo_tablet_max_height":0,"ocean_custom_logo_mobile_max_height":0,"ocean_header_custom_menu":"","ocean_menu_typo_font_family":"","ocean_menu_typo_font_subset":"","ocean_menu_typo_font_size":0,"ocean_menu_typo_font_size_tablet":0,"ocean_menu_typo_font_size_mobile":0,"ocean_menu_typo_font_size_unit":"px","ocean_menu_typo_font_weight":"","ocean_menu_typo_font_weight_tablet":"","ocean_menu_typo_font_weight_mobile":"","ocean_menu_typo_transform":"","ocean_menu_typo_transform_tablet":"","ocean_menu_typo_transform_mobile":"","ocean_menu_typo_line_height":0,"ocean_menu_typo_line_height_tablet":0,"ocean_menu_typo_line_height_mobile":0,"ocean_menu_typo_line_height_unit":"","ocean_menu_typo_spacing":0,"ocean_menu_typo_spacing_tablet":0,"ocean_menu_typo_spacing_mobile":0,"ocean_menu_typo_spacing_unit":"","ocean_menu_link_color":"","ocean_menu_link_color_hover":"","ocean_menu_link_color_active":"","ocean_menu_link_background":"","ocean_menu_link_hover_background":"","ocean_menu_link_active_background":"","ocean_menu_social_links_bg":"","ocean_menu_social_hover_links_bg":"","ocean_menu_social_links_color":"","ocean_menu_social_hover_links_color":"","ocean_disable_title":"default","ocean_disable_heading":"default","ocean_post_title":"","ocean_post_subheading":"","ocean_post_title_style":"","ocean_post_title_background_color":"","ocean_post_title_background":0,"ocean_post_title_bg_image_position":"","ocean_post_title_bg_image_attachment":"","ocean_post_title_bg_image_repeat":"","ocean_post_title_bg_image_size":"","ocean_post_title_height":0,"ocean_post_title_bg_overlay":0.5,"ocean_post_title_bg_overlay_color":"","ocean_disable_breadcrumbs":"default","ocean_breadcrumbs_color":"","ocean_breadcrumbs_separator_color":"","ocean_breadcrumbs_links_color":"","ocean_breadcrumbs_links_hover_color":"","ocean_display_footer_widgets":"default","ocean_display_footer_bottom":"default","ocean_custom_footer_template":"","_joinchat":[],"ocean_post_oembed":"","ocean_post_self_hosted_media":"","ocean_post_video_embed":"","ocean_link_format":"","ocean_link_format_target":"self","ocean_quote_format":"","ocean_quote_format_link":"post","ocean_gallery_link_images":"on","ocean_gallery_id":[],"footnotes":""},"categories":[107],"tags":[],"class_list":["post-3758","post","type-post","status-publish","format-standard","has-post-thumbnail","hentry","category-autorxs","entry","has-media","owp-thumbs-layout-horizontal","owp-btn-normal","owp-tabs-layout-horizontal","has-no-thumbnails"],"yoast_head":"<!-- This site is optimized with the Yoast SEO plugin v27.3 - https:\/\/yoast.com\/product\/yoast-seo-wordpress\/ -->\n<title>Mariano Pereyra Esteban | Autorxs<\/title>\n<meta name=\"description\" content=\"Santafesino por adopci\u00f3n. Autor de novelas y cuentos. Sus obras fueron publicadas en Argentina, M\u00e9xico y Espa\u00f1a. Es licenciado en ciencias de la\" \/>\n<meta name=\"robots\" content=\"index, follow, max-snippet:-1, max-image-preview:large, max-video-preview:-1\" \/>\n<link rel=\"canonical\" href=\"https:\/\/www.contramar.org\/index.php\/2024\/02\/01\/pereyra_esteban\/\" \/>\n<meta property=\"og:locale\" content=\"es_ES\" \/>\n<meta property=\"og:type\" content=\"article\" \/>\n<meta property=\"og:title\" content=\"Mariano Pereyra Esteban | Autorxs\" \/>\n<meta property=\"og:description\" content=\"Santafesino por adopci\u00f3n. Autor de novelas y cuentos. Sus obras fueron publicadas en Argentina, M\u00e9xico y Espa\u00f1a. Es licenciado en ciencias de la\" \/>\n<meta property=\"og:url\" content=\"https:\/\/www.contramar.org\/index.php\/2024\/02\/01\/pereyra_esteban\/\" \/>\n<meta property=\"og:site_name\" content=\"Contramar Editora\" \/>\n<meta property=\"article:publisher\" content=\"https:\/\/www.facebook.com\/ContramarEditora\" \/>\n<meta property=\"article:published_time\" content=\"2024-02-01T22:26:16+00:00\" \/>\n<meta property=\"article:modified_time\" content=\"2024-11-05T02:45:16+00:00\" \/>\n<meta property=\"og:image\" content=\"https:\/\/www.contramar.org\/wp-content\/uploads\/2024\/02\/5Mesa-de-trabajo-1-copia-13.png\" \/>\n\t<meta property=\"og:image:width\" content=\"618\" \/>\n\t<meta property=\"og:image:height\" content=\"790\" \/>\n\t<meta property=\"og:image:type\" content=\"image\/png\" \/>\n<meta name=\"author\" content=\"Contramar Editora\" \/>\n<meta name=\"twitter:card\" content=\"summary_large_image\" \/>\n<meta name=\"twitter:creator\" content=\"@ContramarEdito1\" \/>\n<meta name=\"twitter:site\" content=\"@ContramarEdito1\" \/>\n<meta name=\"twitter:label1\" content=\"Escrito por\" \/>\n\t<meta name=\"twitter:data1\" content=\"Contramar Editora\" \/>\n\t<meta name=\"twitter:label2\" content=\"Tiempo de lectura\" \/>\n\t<meta name=\"twitter:data2\" content=\"2 minutos\" \/>\n<script type=\"application\/ld+json\" class=\"yoast-schema-graph\">{\"@context\":\"https:\\\/\\\/schema.org\",\"@graph\":[{\"@type\":\"Article\",\"@id\":\"https:\\\/\\\/www.contramar.org\\\/index.php\\\/2024\\\/02\\\/01\\\/pereyra_esteban\\\/#article\",\"isPartOf\":{\"@id\":\"https:\\\/\\\/www.contramar.org\\\/index.php\\\/2024\\\/02\\\/01\\\/pereyra_esteban\\\/\"},\"author\":{\"name\":\"Contramar Editora\",\"@id\":\"https:\\\/\\\/www.contramar.org\\\/#\\\/schema\\\/person\\\/8c235f8ebec2b1d6c445c04a0b5c3f4a\"},\"headline\":\"Mariano Pereyra Esteban\",\"datePublished\":\"2024-02-01T22:26:16+00:00\",\"dateModified\":\"2024-11-05T02:45:16+00:00\",\"mainEntityOfPage\":{\"@id\":\"https:\\\/\\\/www.contramar.org\\\/index.php\\\/2024\\\/02\\\/01\\\/pereyra_esteban\\\/\"},\"wordCount\":334,\"publisher\":{\"@id\":\"https:\\\/\\\/www.contramar.org\\\/#organization\"},\"image\":{\"@id\":\"https:\\\/\\\/www.contramar.org\\\/index.php\\\/2024\\\/02\\\/01\\\/pereyra_esteban\\\/#primaryimage\"},\"thumbnailUrl\":\"https:\\\/\\\/www.contramar.org\\\/wp-content\\\/uploads\\\/2024\\\/02\\\/5Mesa-de-trabajo-1-copia-13.png\",\"articleSection\":[\"Autorxs\"],\"inLanguage\":\"es-AR\"},{\"@type\":\"WebPage\",\"@id\":\"https:\\\/\\\/www.contramar.org\\\/index.php\\\/2024\\\/02\\\/01\\\/pereyra_esteban\\\/\",\"url\":\"https:\\\/\\\/www.contramar.org\\\/index.php\\\/2024\\\/02\\\/01\\\/pereyra_esteban\\\/\",\"name\":\"Mariano Pereyra Esteban | Autorxs\",\"isPartOf\":{\"@id\":\"https:\\\/\\\/www.contramar.org\\\/#website\"},\"primaryImageOfPage\":{\"@id\":\"https:\\\/\\\/www.contramar.org\\\/index.php\\\/2024\\\/02\\\/01\\\/pereyra_esteban\\\/#primaryimage\"},\"image\":{\"@id\":\"https:\\\/\\\/www.contramar.org\\\/index.php\\\/2024\\\/02\\\/01\\\/pereyra_esteban\\\/#primaryimage\"},\"thumbnailUrl\":\"https:\\\/\\\/www.contramar.org\\\/wp-content\\\/uploads\\\/2024\\\/02\\\/5Mesa-de-trabajo-1-copia-13.png\",\"datePublished\":\"2024-02-01T22:26:16+00:00\",\"dateModified\":\"2024-11-05T02:45:16+00:00\",\"description\":\"Santafesino por adopci\u00f3n. Autor de novelas y cuentos. Sus obras fueron publicadas en Argentina, M\u00e9xico y Espa\u00f1a. Es licenciado en ciencias de la\",\"breadcrumb\":{\"@id\":\"https:\\\/\\\/www.contramar.org\\\/index.php\\\/2024\\\/02\\\/01\\\/pereyra_esteban\\\/#breadcrumb\"},\"inLanguage\":\"es-AR\",\"potentialAction\":[{\"@type\":\"ReadAction\",\"target\":[\"https:\\\/\\\/www.contramar.org\\\/index.php\\\/2024\\\/02\\\/01\\\/pereyra_esteban\\\/\"]}]},{\"@type\":\"ImageObject\",\"inLanguage\":\"es-AR\",\"@id\":\"https:\\\/\\\/www.contramar.org\\\/index.php\\\/2024\\\/02\\\/01\\\/pereyra_esteban\\\/#primaryimage\",\"url\":\"https:\\\/\\\/www.contramar.org\\\/wp-content\\\/uploads\\\/2024\\\/02\\\/5Mesa-de-trabajo-1-copia-13.png\",\"contentUrl\":\"https:\\\/\\\/www.contramar.org\\\/wp-content\\\/uploads\\\/2024\\\/02\\\/5Mesa-de-trabajo-1-copia-13.png\",\"width\":618,\"height\":790,\"caption\":\"Mariano Pereyra Esteban\"},{\"@type\":\"BreadcrumbList\",\"@id\":\"https:\\\/\\\/www.contramar.org\\\/index.php\\\/2024\\\/02\\\/01\\\/pereyra_esteban\\\/#breadcrumb\",\"itemListElement\":[{\"@type\":\"ListItem\",\"position\":1,\"name\":\"Inicio\",\"item\":\"https:\\\/\\\/www.contramar.org\\\/\"},{\"@type\":\"ListItem\",\"position\":2,\"name\":\"Mariano Pereyra Esteban\"}]},{\"@type\":\"WebSite\",\"@id\":\"https:\\\/\\\/www.contramar.org\\\/#website\",\"url\":\"https:\\\/\\\/www.contramar.org\\\/\",\"name\":\"Contramar Editora\",\"description\":\"Literatura independiente y federal\",\"publisher\":{\"@id\":\"https:\\\/\\\/www.contramar.org\\\/#organization\"},\"alternateName\":\"Contramar Editora\",\"potentialAction\":[{\"@type\":\"SearchAction\",\"target\":{\"@type\":\"EntryPoint\",\"urlTemplate\":\"https:\\\/\\\/www.contramar.org\\\/?s={search_term_string}\"},\"query-input\":{\"@type\":\"PropertyValueSpecification\",\"valueRequired\":true,\"valueName\":\"search_term_string\"}}],\"inLanguage\":\"es-AR\"},{\"@type\":\"Organization\",\"@id\":\"https:\\\/\\\/www.contramar.org\\\/#organization\",\"name\":\"Contramar Editora\",\"url\":\"https:\\\/\\\/www.contramar.org\\\/\",\"logo\":{\"@type\":\"ImageObject\",\"inLanguage\":\"es-AR\",\"@id\":\"https:\\\/\\\/www.contramar.org\\\/#\\\/schema\\\/logo\\\/image\\\/\",\"url\":\"https:\\\/\\\/www.contramar.org\\\/wp-content\\\/uploads\\\/2022\\\/05\\\/logo-completo-04.png\",\"contentUrl\":\"https:\\\/\\\/www.contramar.org\\\/wp-content\\\/uploads\\\/2022\\\/05\\\/logo-completo-04.png\",\"width\":3451,\"height\":3482,\"caption\":\"Contramar Editora\"},\"image\":{\"@id\":\"https:\\\/\\\/www.contramar.org\\\/#\\\/schema\\\/logo\\\/image\\\/\"},\"sameAs\":[\"https:\\\/\\\/www.facebook.com\\\/ContramarEditora\",\"https:\\\/\\\/x.com\\\/ContramarEdito1\",\"https:\\\/\\\/www.instagram.com\\\/contramar_editora\\\/\",\"https:\\\/\\\/www.youtube.com\\\/@contramareditora8860\"]},{\"@type\":\"Person\",\"@id\":\"https:\\\/\\\/www.contramar.org\\\/#\\\/schema\\\/person\\\/8c235f8ebec2b1d6c445c04a0b5c3f4a\",\"name\":\"Contramar Editora\",\"image\":{\"@type\":\"ImageObject\",\"inLanguage\":\"es-AR\",\"@id\":\"https:\\\/\\\/secure.gravatar.com\\\/avatar\\\/6aa5d4d86b0b79d69520bb5ba4a8b206c44abbe9728c677c81c99bf4cb6452bf?s=96&d=mm&r=g\",\"url\":\"https:\\\/\\\/secure.gravatar.com\\\/avatar\\\/6aa5d4d86b0b79d69520bb5ba4a8b206c44abbe9728c677c81c99bf4cb6452bf?s=96&d=mm&r=g\",\"contentUrl\":\"https:\\\/\\\/secure.gravatar.com\\\/avatar\\\/6aa5d4d86b0b79d69520bb5ba4a8b206c44abbe9728c677c81c99bf4cb6452bf?s=96&d=mm&r=g\",\"caption\":\"Contramar Editora\"},\"url\":\"https:\\\/\\\/www.contramar.org\\\/index.php\\\/author\\\/colectivocontramar\\\/\"}]}<\/script>\n<!-- \/ Yoast SEO plugin. -->","yoast_head_json":{"title":"Mariano Pereyra Esteban | Autorxs","description":"Santafesino por adopci\u00f3n. Autor de novelas y cuentos. Sus obras fueron publicadas en Argentina, M\u00e9xico y Espa\u00f1a. Es licenciado en ciencias de la","robots":{"index":"index","follow":"follow","max-snippet":"max-snippet:-1","max-image-preview":"max-image-preview:large","max-video-preview":"max-video-preview:-1"},"canonical":"https:\/\/www.contramar.org\/index.php\/2024\/02\/01\/pereyra_esteban\/","og_locale":"es_ES","og_type":"article","og_title":"Mariano Pereyra Esteban | Autorxs","og_description":"Santafesino por adopci\u00f3n. Autor de novelas y cuentos. Sus obras fueron publicadas en Argentina, M\u00e9xico y Espa\u00f1a. Es licenciado en ciencias de la","og_url":"https:\/\/www.contramar.org\/index.php\/2024\/02\/01\/pereyra_esteban\/","og_site_name":"Contramar Editora","article_publisher":"https:\/\/www.facebook.com\/ContramarEditora","article_published_time":"2024-02-01T22:26:16+00:00","article_modified_time":"2024-11-05T02:45:16+00:00","og_image":[{"width":618,"height":790,"url":"https:\/\/www.contramar.org\/wp-content\/uploads\/2024\/02\/5Mesa-de-trabajo-1-copia-13.png","type":"image\/png"}],"author":"Contramar Editora","twitter_card":"summary_large_image","twitter_creator":"@ContramarEdito1","twitter_site":"@ContramarEdito1","twitter_misc":{"Escrito por":"Contramar Editora","Tiempo de lectura":"2 minutos"},"schema":{"@context":"https:\/\/schema.org","@graph":[{"@type":"Article","@id":"https:\/\/www.contramar.org\/index.php\/2024\/02\/01\/pereyra_esteban\/#article","isPartOf":{"@id":"https:\/\/www.contramar.org\/index.php\/2024\/02\/01\/pereyra_esteban\/"},"author":{"name":"Contramar Editora","@id":"https:\/\/www.contramar.org\/#\/schema\/person\/8c235f8ebec2b1d6c445c04a0b5c3f4a"},"headline":"Mariano Pereyra Esteban","datePublished":"2024-02-01T22:26:16+00:00","dateModified":"2024-11-05T02:45:16+00:00","mainEntityOfPage":{"@id":"https:\/\/www.contramar.org\/index.php\/2024\/02\/01\/pereyra_esteban\/"},"wordCount":334,"publisher":{"@id":"https:\/\/www.contramar.org\/#organization"},"image":{"@id":"https:\/\/www.contramar.org\/index.php\/2024\/02\/01\/pereyra_esteban\/#primaryimage"},"thumbnailUrl":"https:\/\/www.contramar.org\/wp-content\/uploads\/2024\/02\/5Mesa-de-trabajo-1-copia-13.png","articleSection":["Autorxs"],"inLanguage":"es-AR"},{"@type":"WebPage","@id":"https:\/\/www.contramar.org\/index.php\/2024\/02\/01\/pereyra_esteban\/","url":"https:\/\/www.contramar.org\/index.php\/2024\/02\/01\/pereyra_esteban\/","name":"Mariano Pereyra Esteban | Autorxs","isPartOf":{"@id":"https:\/\/www.contramar.org\/#website"},"primaryImageOfPage":{"@id":"https:\/\/www.contramar.org\/index.php\/2024\/02\/01\/pereyra_esteban\/#primaryimage"},"image":{"@id":"https:\/\/www.contramar.org\/index.php\/2024\/02\/01\/pereyra_esteban\/#primaryimage"},"thumbnailUrl":"https:\/\/www.contramar.org\/wp-content\/uploads\/2024\/02\/5Mesa-de-trabajo-1-copia-13.png","datePublished":"2024-02-01T22:26:16+00:00","dateModified":"2024-11-05T02:45:16+00:00","description":"Santafesino por adopci\u00f3n. Autor de novelas y cuentos. Sus obras fueron publicadas en Argentina, M\u00e9xico y Espa\u00f1a. Es licenciado en ciencias de la","breadcrumb":{"@id":"https:\/\/www.contramar.org\/index.php\/2024\/02\/01\/pereyra_esteban\/#breadcrumb"},"inLanguage":"es-AR","potentialAction":[{"@type":"ReadAction","target":["https:\/\/www.contramar.org\/index.php\/2024\/02\/01\/pereyra_esteban\/"]}]},{"@type":"ImageObject","inLanguage":"es-AR","@id":"https:\/\/www.contramar.org\/index.php\/2024\/02\/01\/pereyra_esteban\/#primaryimage","url":"https:\/\/www.contramar.org\/wp-content\/uploads\/2024\/02\/5Mesa-de-trabajo-1-copia-13.png","contentUrl":"https:\/\/www.contramar.org\/wp-content\/uploads\/2024\/02\/5Mesa-de-trabajo-1-copia-13.png","width":618,"height":790,"caption":"Mariano Pereyra Esteban"},{"@type":"BreadcrumbList","@id":"https:\/\/www.contramar.org\/index.php\/2024\/02\/01\/pereyra_esteban\/#breadcrumb","itemListElement":[{"@type":"ListItem","position":1,"name":"Inicio","item":"https:\/\/www.contramar.org\/"},{"@type":"ListItem","position":2,"name":"Mariano Pereyra Esteban"}]},{"@type":"WebSite","@id":"https:\/\/www.contramar.org\/#website","url":"https:\/\/www.contramar.org\/","name":"Contramar Editora","description":"Literatura independiente y federal","publisher":{"@id":"https:\/\/www.contramar.org\/#organization"},"alternateName":"Contramar Editora","potentialAction":[{"@type":"SearchAction","target":{"@type":"EntryPoint","urlTemplate":"https:\/\/www.contramar.org\/?s={search_term_string}"},"query-input":{"@type":"PropertyValueSpecification","valueRequired":true,"valueName":"search_term_string"}}],"inLanguage":"es-AR"},{"@type":"Organization","@id":"https:\/\/www.contramar.org\/#organization","name":"Contramar Editora","url":"https:\/\/www.contramar.org\/","logo":{"@type":"ImageObject","inLanguage":"es-AR","@id":"https:\/\/www.contramar.org\/#\/schema\/logo\/image\/","url":"https:\/\/www.contramar.org\/wp-content\/uploads\/2022\/05\/logo-completo-04.png","contentUrl":"https:\/\/www.contramar.org\/wp-content\/uploads\/2022\/05\/logo-completo-04.png","width":3451,"height":3482,"caption":"Contramar Editora"},"image":{"@id":"https:\/\/www.contramar.org\/#\/schema\/logo\/image\/"},"sameAs":["https:\/\/www.facebook.com\/ContramarEditora","https:\/\/x.com\/ContramarEdito1","https:\/\/www.instagram.com\/contramar_editora\/","https:\/\/www.youtube.com\/@contramareditora8860"]},{"@type":"Person","@id":"https:\/\/www.contramar.org\/#\/schema\/person\/8c235f8ebec2b1d6c445c04a0b5c3f4a","name":"Contramar Editora","image":{"@type":"ImageObject","inLanguage":"es-AR","@id":"https:\/\/secure.gravatar.com\/avatar\/6aa5d4d86b0b79d69520bb5ba4a8b206c44abbe9728c677c81c99bf4cb6452bf?s=96&d=mm&r=g","url":"https:\/\/secure.gravatar.com\/avatar\/6aa5d4d86b0b79d69520bb5ba4a8b206c44abbe9728c677c81c99bf4cb6452bf?s=96&d=mm&r=g","contentUrl":"https:\/\/secure.gravatar.com\/avatar\/6aa5d4d86b0b79d69520bb5ba4a8b206c44abbe9728c677c81c99bf4cb6452bf?s=96&d=mm&r=g","caption":"Contramar Editora"},"url":"https:\/\/www.contramar.org\/index.php\/author\/colectivocontramar\/"}]}},"blog_post_layout_featured_media_urls":{"thumbnail":["https:\/\/www.contramar.org\/wp-content\/uploads\/2024\/02\/5Mesa-de-trabajo-1-copia-13-150x150.png",150,150,true],"full":["https:\/\/www.contramar.org\/wp-content\/uploads\/2024\/02\/5Mesa-de-trabajo-1-copia-13.png",618,790,false]},"categories_names":{"107":{"name":"Autorxs","link":"https:\/\/www.contramar.org\/index.php\/category\/autorxs\/"}},"tags_names":[],"comments_number":"0","_links":{"self":[{"href":"https:\/\/www.contramar.org\/index.php\/wp-json\/wp\/v2\/posts\/3758","targetHints":{"allow":["GET"]}}],"collection":[{"href":"https:\/\/www.contramar.org\/index.php\/wp-json\/wp\/v2\/posts"}],"about":[{"href":"https:\/\/www.contramar.org\/index.php\/wp-json\/wp\/v2\/types\/post"}],"author":[{"embeddable":true,"href":"https:\/\/www.contramar.org\/index.php\/wp-json\/wp\/v2\/users\/1"}],"replies":[{"embeddable":true,"href":"https:\/\/www.contramar.org\/index.php\/wp-json\/wp\/v2\/comments?post=3758"}],"version-history":[{"count":4,"href":"https:\/\/www.contramar.org\/index.php\/wp-json\/wp\/v2\/posts\/3758\/revisions"}],"predecessor-version":[{"id":3775,"href":"https:\/\/www.contramar.org\/index.php\/wp-json\/wp\/v2\/posts\/3758\/revisions\/3775"}],"wp:featuredmedia":[{"embeddable":true,"href":"https:\/\/www.contramar.org\/index.php\/wp-json\/wp\/v2\/media\/3751"}],"wp:attachment":[{"href":"https:\/\/www.contramar.org\/index.php\/wp-json\/wp\/v2\/media?parent=3758"}],"wp:term":[{"taxonomy":"category","embeddable":true,"href":"https:\/\/www.contramar.org\/index.php\/wp-json\/wp\/v2\/categories?post=3758"},{"taxonomy":"post_tag","embeddable":true,"href":"https:\/\/www.contramar.org\/index.php\/wp-json\/wp\/v2\/tags?post=3758"}],"curies":[{"name":"wp","href":"https:\/\/api.w.org\/{rel}","templated":true}]}}